{"id":2969,"date":"2024-10-31T12:15:35","date_gmt":"2024-10-31T12:15:35","guid":{"rendered":"https:\/\/com360.cat\/?p=2969"},"modified":"2024-10-31T12:16:03","modified_gmt":"2024-10-31T12:16:03","slug":"la-desinformacion-durante-la-dana-en-valencia-un-peligro-anadido-en-tiempos-de-crisis","status":"publish","type":"post","link":"https:\/\/com360.cat\/es\/la-desinformacion-durante-la-dana-en-valencia-un-peligro-anadido-en-tiempos-de-crisis\/","title":{"rendered":"La desinformaci\u00f3n durante la DANA en Valencia: un peligro a\u00f1adido en tiempos de crisis"},"content":{"rendered":"<p>Esta semana, la DANA ha golpeado duramente a la Comunidad Valenciana, provocando p\u00e9rdidas humanas, da\u00f1os materiales y una situaci\u00f3n de emergencia sin precedentes. En este contexto, la propagaci\u00f3n de desinformaci\u00f3n o informaciones falsas ha contribuido a generar confusi\u00f3n, en lugar de facilitar el flujo de informaci\u00f3n veraz tan necesario en momentos como estos.<\/p>\n<p><!--more-->Durante una situaci\u00f3n de emergencia, la difusi\u00f3n de informaci\u00f3n falsa es especialmente peligrosa, ya que crea caos y puede dificultar la labor de los servicios de emergencias. La viralizaci\u00f3n de estos rumores demuestra, una vez m\u00e1s, la urgencia de dotar a la ciudadan\u00eda de competencias para reconocer y evitar la difusi\u00f3n de desinformaci\u00f3n. Cuando la informaci\u00f3n se propaga sin verificar, se ponen en riesgo vidas y se incrementa la presi\u00f3n sobre los equipos de emergencias, que deben dedicar tiempo a desmentir rumores en lugar de centrarse en la respuesta inmediata.<\/p>\n<h3><strong>Recomendaciones para informarse de manera segura durante una emergencia<\/strong><\/h3>\n<p>En situaciones de crisis como la DANA, es importante seguir algunas pautas para asegurarse de que la informaci\u00f3n que recibimos y compartimos es precisa. Aqu\u00ed tienes algunas recomendaciones:<\/p>\n<ol>\n<li><strong>Confiar en fuentes oficiales<\/strong>: Durante situaciones de emergencia, es esencial informarse a trav\u00e9s de canales oficiales como las cuentas en redes sociales y p\u00e1ginas web del Centro de Coordinaci\u00f3n de Emergencias, la Generalitat Valenciana, la Polic\u00eda Nacional o Protecci\u00f3n Civil. Estas instituciones ofrecen informaci\u00f3n precisa y actualizada sobre las medidas y advertencias de seguridad.<\/li>\n<li><strong>Utilizar webs de verificaci\u00f3n en caso de duda<\/strong>: Si recibes informaci\u00f3n que no proviene de una fuente oficial, especialmente en cadenas de WhatsApp o publicaciones en redes sociales, es importante contrastarla a trav\u00e9s de webs de verificaci\u00f3n como <a href=\"https:\/\/www.newtral.es\/\">Newtral<\/a> o <a href=\"https:\/\/www.verificat.cat\/\">Verificat<\/a>. Estas plataformas especializadas analizan rumores e informaciones dudosas y confirman si son verdaderas o falsas, ayudando a combatir la desinformaci\u00f3n.<\/li>\n<\/ol>\n<div id=\"attachment_2964\" style=\"width: 546px\" class=\"wp-caption alignnone\"><img aria-describedby=\"caption-attachment-2964\" decoding=\"async\" class=\"wp-image-2964 size-full\" src=\"https:\/\/com360.cat\/wp-content\/uploads\/2024\/10\/IMG_4111_font-NEWTRAL.jpg\" alt=\"\" width=\"536\" height=\"300\" srcset=\"https:\/\/com360.cat\/wp-content\/uploads\/2024\/10\/IMG_4111_font-NEWTRAL-200x112.jpg 200w, https:\/\/com360.cat\/wp-content\/uploads\/2024\/10\/IMG_4111_font-NEWTRAL-300x168.jpg 300w, https:\/\/com360.cat\/wp-content\/uploads\/2024\/10\/IMG_4111_font-NEWTRAL-400x224.jpg 400w, https:\/\/com360.cat\/wp-content\/uploads\/2024\/10\/IMG_4111_font-NEWTRAL.jpg 536w\" sizes=\"(max-width: 536px) 100vw, 536px\" \/><p id=\"caption-attachment-2964\" class=\"wp-caption-text\">Imagen de Newtral<\/p><\/div>\n<h3><strong>Algunas de las desinformaciones y rumores que han circulado durante la DANA<\/strong><\/h3>\n<ol>\n<li><strong>Tel\u00e9fono alternativo al 112 para emergencias<\/strong>: Se ha difundido que el tel\u00e9fono de emergencias 112 hab\u00eda \u201cca\u00eddo\u201d y se hab\u00eda habilitado el n\u00famero 963428000 como alternativa. Esta informaci\u00f3n es completamente falsa; el 112 ha seguido siendo el n\u00famero oficial para emergencias, seg\u00fan han confirmado tanto el Centro de Coordinaci\u00f3n de Emergencias de la Generalitat Valenciana como la Polic\u00eda Nacional.<\/li>\n<li><strong>Desbordamiento de presas en Manises y Benag\u00e9ber<\/strong>: Se ha viralizado el rumor de que las presas de Manises y Cirat-Vallat estaban desbordadas y que se esperaba un \u201ctsunami\u201d. El Centro de Coordinaci\u00f3n de Emergencias lo ha desmentido y ha asegurado que no hab\u00eda riesgo de desbordamiento.<\/li>\n<li><strong>Desalojo del municipio de Paiporta<\/strong>: A trav\u00e9s de mensajes de WhatsApp, se ha difundido que parte del municipio de Paiporta ser\u00eda desalojado por una posible crecida del barranco. Este rumor ha sido desmentido por el Equipo de Voluntarios Digitales en Emergencias de la Comunidad Valenciana, que ha confirmado que no hab\u00eda ning\u00fan desalojo programado.<\/li>\n<li><strong>Contaminaci\u00f3n del agua potable en Valencia<\/strong>: Algunas publicaciones han puesto en duda la calidad del agua del grifo, afirmando que no era potable debido a las inundaciones. El Ayuntamiento de Valencia ha aclarado que el agua cumple con los est\u00e1ndares de salud p\u00fablica y es apta para el consumo.<\/li>\n<li><strong>Influencia de un radar de lluvias en la predicci\u00f3n de la DANA<\/strong>: Ha circulado un v\u00eddeo que asegura que la falta de funcionamiento de un radar de lluvias en Valencia hab\u00eda impedido predecir el episodio de la DANA. Sin embargo, expertos han explicado que un radar solo permite previsiones a corto plazo y que esto no ha influido en la previsi\u00f3n meteorol\u00f3gica general.<\/li>\n<\/ol>\n<h3><strong>Alfabetizaci\u00f3n medi\u00e1tica: una necesidad en tiempos de crisis<\/strong><\/h3>\n<p>En este contexto, y coincidiendo con la <a href=\"https:\/\/www.unesco.org\/es\/media-information-literacy-week\">Semana Mundial de la Alfabetizaci\u00f3n Medi\u00e1tica e Informacional<\/a>, que se celebra del 24 al 31 de octubre, es m\u00e1s necesario que nunca promover la alfabetizaci\u00f3n medi\u00e1tica entre la ciudadan\u00eda, dot\u00e1ndola de las habilidades necesarias para hacer frente a la desinformaci\u00f3n y acceder a informaci\u00f3n veraz. Esta semana, liderada por la UNESCO y el Reino Hachemita de Jordania, busca concienciar sobre la importancia de contar con ciudadanos capacitados para identificar fuentes fiables en contextos de desinformaci\u00f3n y crisis. La conferencia de este a\u00f1o, que tiene lugar los d\u00edas 30 y 31 de octubre en Amm\u00e1n, Jordania, aborda los efectos de las tecnolog\u00edas emergentes, como la inteligencia artificial generativa, en la producci\u00f3n y difusi\u00f3n de la informaci\u00f3n de inter\u00e9s p\u00fablico.<\/p>\n","protected":false},"excerpt":{"rendered":"<p>Esta semana, la DANA ha golpeado duramente a la Comunidad Valenciana, provocando p\u00e9rdidas humanas, da\u00f1os materiales y una situaci\u00f3n de emergencia sin precedentes. En este contexto, la propagaci\u00f3n de desinformaci\u00f3n o informaciones falsas ha contribuido a generar confusi\u00f3n, en lugar de facilitar el flujo de informaci\u00f3n veraz tan necesario en momentos como estos.<\/p>\n","protected":false},"author":1,"featured_media":2962,"comment_status":"open","ping_status":"open","sticky":false,"template":"","format":"standard","meta":[],"categories":[118,93],"tags":[],"yoast_head":"<!-- This site is optimized with the Yoast SEO plugin v20.7 - https:\/\/yoast.com\/wordpress\/plugins\/seo\/ -->\n<title>La desinformaci\u00f3n durante la DANA en Valencia: un peligro a\u00f1adido en tiempos de crisis | Com360\u00ba<\/title>\n<meta name=\"description\" content=\"Esta semana, la DANA ha golpeado duramente a la Comunidad Valenciana, provocando p\u00e9rdidas humanas, da\u00f1os materiales y una situaci\u00f3n de emergencia sin precedentes. En este contexto, la propagaci\u00f3n de desinformaci\u00f3n o informaciones falsas ha contribuido a generar confusi\u00f3n, en lugar de facilitar el flujo de informaci\u00f3n veraz tan necesario en momentos como estos.\" \/>\n<meta name=\"robots\" content=\"index, follow, max-snippet:-1, max-image-preview:large, max-video-preview:-1\" \/>\n<link rel=\"canonical\" href=\"https:\/\/com360.cat\/es\/la-desinformacion-durante-la-dana-en-valencia-un-peligro-anadido-en-tiempos-de-crisis\/\" \/>\n<meta property=\"og:locale\" content=\"es_ES\" \/>\n<meta property=\"og:type\" content=\"article\" \/>\n<meta property=\"og:title\" content=\"La desinformaci\u00f3n durante la DANA en Valencia: un peligro a\u00f1adido en tiempos de crisis | Com360\u00ba\" \/>\n<meta property=\"og:description\" content=\"Esta semana, la DANA ha golpeado duramente a la Comunidad Valenciana, provocando p\u00e9rdidas humanas, da\u00f1os materiales y una situaci\u00f3n de emergencia sin precedentes. En este contexto, la propagaci\u00f3n de desinformaci\u00f3n o informaciones falsas ha contribuido a generar confusi\u00f3n, en lugar de facilitar el flujo de informaci\u00f3n veraz tan necesario en momentos como estos.\" \/>\n<meta property=\"og:url\" content=\"https:\/\/com360.cat\/es\/la-desinformacion-durante-la-dana-en-valencia-un-peligro-anadido-en-tiempos-de-crisis\/\" \/>\n<meta property=\"og:site_name\" content=\"Com360\u00ba\" \/>\n<meta property=\"article:published_time\" content=\"2024-10-31T12:15:35+00:00\" \/>\n<meta property=\"article:modified_time\" content=\"2024-10-31T12:16:03+00:00\" \/>\n<meta property=\"og:image\" content=\"https:\/\/com360.cat\/wp-content\/uploads\/2024\/10\/pexels-terrance-moon-159773-529964-scaled.jpg\" \/>\n\t<meta property=\"og:image:width\" content=\"2560\" \/>\n\t<meta property=\"og:image:height\" content=\"1920\" \/>\n\t<meta property=\"og:image:type\" content=\"image\/jpeg\" \/>\n<meta name=\"author\" content=\"admin\" \/>\n<meta name=\"twitter:card\" content=\"summary_large_image\" \/>\n<meta name=\"twitter:label1\" content=\"Escrito por\" \/>\n\t<meta name=\"twitter:data1\" content=\"admin\" \/>\n\t<meta name=\"twitter:label2\" content=\"Tiempo de lectura\" \/>\n\t<meta name=\"twitter:data2\" content=\"5 minutos\" \/>\n<script type=\"application\/ld+json\" class=\"yoast-schema-graph\">{\"@context\":\"https:\/\/schema.org\",\"@graph\":[{\"@type\":\"Article\",\"@id\":\"https:\/\/com360.cat\/es\/la-desinformacion-durante-la-dana-en-valencia-un-peligro-anadido-en-tiempos-de-crisis\/#article\",\"isPartOf\":{\"@id\":\"https:\/\/com360.cat\/es\/la-desinformacion-durante-la-dana-en-valencia-un-peligro-anadido-en-tiempos-de-crisis\/\"},\"author\":{\"name\":\"admin\",\"@id\":\"https:\/\/com360.cat\/es\/#\/schema\/person\/cb1ed4edb619e00bc075c258f3c7c6c9\"},\"headline\":\"La desinformaci\u00f3n durante la DANA en Valencia: un peligro a\u00f1adido en tiempos de crisis\",\"datePublished\":\"2024-10-31T12:15:35+00:00\",\"dateModified\":\"2024-10-31T12:16:03+00:00\",\"mainEntityOfPage\":{\"@id\":\"https:\/\/com360.cat\/es\/la-desinformacion-durante-la-dana-en-valencia-un-peligro-anadido-en-tiempos-de-crisis\/\"},\"wordCount\":805,\"commentCount\":0,\"publisher\":{\"@id\":\"https:\/\/com360.cat\/es\/#organization\"},\"articleSection\":[\"Educaci\u00f3n medi\u00e1tica\",\"Medios de comunicaci\u00f3n\"],\"inLanguage\":\"es\",\"potentialAction\":[{\"@type\":\"CommentAction\",\"name\":\"Comment\",\"target\":[\"https:\/\/com360.cat\/es\/la-desinformacion-durante-la-dana-en-valencia-un-peligro-anadido-en-tiempos-de-crisis\/#respond\"]}]},{\"@type\":\"WebPage\",\"@id\":\"https:\/\/com360.cat\/es\/la-desinformacion-durante-la-dana-en-valencia-un-peligro-anadido-en-tiempos-de-crisis\/\",\"url\":\"https:\/\/com360.cat\/es\/la-desinformacion-durante-la-dana-en-valencia-un-peligro-anadido-en-tiempos-de-crisis\/\",\"name\":\"La desinformaci\u00f3n durante la DANA en Valencia: un peligro a\u00f1adido en tiempos de crisis | Com360\u00ba\",\"isPartOf\":{\"@id\":\"https:\/\/com360.cat\/es\/#website\"},\"datePublished\":\"2024-10-31T12:15:35+00:00\",\"dateModified\":\"2024-10-31T12:16:03+00:00\",\"description\":\"Esta semana, la DANA ha golpeado duramente a la Comunidad Valenciana, provocando p\u00e9rdidas humanas, da\u00f1os materiales y una situaci\u00f3n de emergencia sin precedentes. En este contexto, la propagaci\u00f3n de desinformaci\u00f3n o informaciones falsas ha contribuido a generar confusi\u00f3n, en lugar de facilitar el flujo de informaci\u00f3n veraz tan necesario en momentos como estos.\",\"breadcrumb\":{\"@id\":\"https:\/\/com360.cat\/es\/la-desinformacion-durante-la-dana-en-valencia-un-peligro-anadido-en-tiempos-de-crisis\/#breadcrumb\"},\"inLanguage\":\"es\",\"potentialAction\":[{\"@type\":\"ReadAction\",\"target\":[\"https:\/\/com360.cat\/es\/la-desinformacion-durante-la-dana-en-valencia-un-peligro-anadido-en-tiempos-de-crisis\/\"]}]},{\"@type\":\"BreadcrumbList\",\"@id\":\"https:\/\/com360.cat\/es\/la-desinformacion-durante-la-dana-en-valencia-un-peligro-anadido-en-tiempos-de-crisis\/#breadcrumb\",\"itemListElement\":[{\"@type\":\"ListItem\",\"position\":1,\"name\":\"Home\",\"item\":\"https:\/\/com360.cat\/es\/\"},{\"@type\":\"ListItem\",\"position\":2,\"name\":\"La desinformaci\u00f3n durante la DANA en Valencia: un peligro a\u00f1adido en tiempos de crisis\"}]},{\"@type\":\"WebSite\",\"@id\":\"https:\/\/com360.cat\/es\/#website\",\"url\":\"https:\/\/com360.cat\/es\/\",\"name\":\"Com360\u00ba\",\"description\":\"Comunicaci\u00f3 professional\",\"publisher\":{\"@id\":\"https:\/\/com360.cat\/es\/#organization\"},\"potentialAction\":[{\"@type\":\"SearchAction\",\"target\":{\"@type\":\"EntryPoint\",\"urlTemplate\":\"https:\/\/com360.cat\/es\/?s={search_term_string}\"},\"query-input\":\"required name=search_term_string\"}],\"inLanguage\":\"es\"},{\"@type\":\"Organization\",\"@id\":\"https:\/\/com360.cat\/es\/#organization\",\"name\":\"Rosa Rubi\u00f3 Com360 Grados, SL\",\"url\":\"https:\/\/com360.cat\/es\/\",\"logo\":{\"@type\":\"ImageObject\",\"inLanguage\":\"es\",\"@id\":\"https:\/\/com360.cat\/es\/#\/schema\/logo\/image\/\",\"url\":\"https:\/\/com360.cat\/wp-content\/uploads\/2020\/02\/logo-com360-496.png\",\"contentUrl\":\"https:\/\/com360.cat\/wp-content\/uploads\/2020\/02\/logo-com360-496.png\",\"width\":496,\"height\":93,\"caption\":\"Rosa Rubi\u00f3 Com360 Grados, SL\"},\"image\":{\"@id\":\"https:\/\/com360.cat\/es\/#\/schema\/logo\/image\/\"}},{\"@type\":\"Person\",\"@id\":\"https:\/\/com360.cat\/es\/#\/schema\/person\/cb1ed4edb619e00bc075c258f3c7c6c9\",\"name\":\"admin\",\"image\":{\"@type\":\"ImageObject\",\"inLanguage\":\"es\",\"@id\":\"https:\/\/com360.cat\/es\/#\/schema\/person\/image\/\",\"url\":\"https:\/\/secure.gravatar.com\/avatar\/0f90bbc3eec02a874b28e67f9977bc36?s=96&d=mm&r=g\",\"contentUrl\":\"https:\/\/secure.gravatar.com\/avatar\/0f90bbc3eec02a874b28e67f9977bc36?s=96&d=mm&r=g\",\"caption\":\"admin\"}}]}<\/script>\n<!-- \/ Yoast SEO plugin. -->","yoast_head_json":{"title":"La desinformaci\u00f3n durante la DANA en Valencia: un peligro a\u00f1adido en tiempos de crisis | Com360\u00ba","description":"Esta semana, la DANA ha golpeado duramente a la Comunidad Valenciana, provocando p\u00e9rdidas humanas, da\u00f1os materiales y una situaci\u00f3n de emergencia sin precedentes. En este contexto, la propagaci\u00f3n de desinformaci\u00f3n o informaciones falsas ha contribuido a generar confusi\u00f3n, en lugar de facilitar el flujo de informaci\u00f3n veraz tan necesario en momentos como estos.","robots":{"index":"index","follow":"follow","max-snippet":"max-snippet:-1","max-image-preview":"max-image-preview:large","max-video-preview":"max-video-preview:-1"},"canonical":"https:\/\/com360.cat\/es\/la-desinformacion-durante-la-dana-en-valencia-un-peligro-anadido-en-tiempos-de-crisis\/","og_locale":"es_ES","og_type":"article","og_title":"La desinformaci\u00f3n durante la DANA en Valencia: un peligro a\u00f1adido en tiempos de crisis | Com360\u00ba","og_description":"Esta semana, la DANA ha golpeado duramente a la Comunidad Valenciana, provocando p\u00e9rdidas humanas, da\u00f1os materiales y una situaci\u00f3n de emergencia sin precedentes. En este contexto, la propagaci\u00f3n de desinformaci\u00f3n o informaciones falsas ha contribuido a generar confusi\u00f3n, en lugar de facilitar el flujo de informaci\u00f3n veraz tan necesario en momentos como estos.","og_url":"https:\/\/com360.cat\/es\/la-desinformacion-durante-la-dana-en-valencia-un-peligro-anadido-en-tiempos-de-crisis\/","og_site_name":"Com360\u00ba","article_published_time":"2024-10-31T12:15:35+00:00","article_modified_time":"2024-10-31T12:16:03+00:00","og_image":[{"width":2560,"height":1920,"url":"https:\/\/com360.cat\/wp-content\/uploads\/2024\/10\/pexels-terrance-moon-159773-529964-scaled.jpg","type":"image\/jpeg"}],"author":"admin","twitter_card":"summary_large_image","twitter_misc":{"Escrito por":"admin","Tiempo de lectura":"5 minutos"},"schema":{"@context":"https:\/\/schema.org","@graph":[{"@type":"Article","@id":"https:\/\/com360.cat\/es\/la-desinformacion-durante-la-dana-en-valencia-un-peligro-anadido-en-tiempos-de-crisis\/#article","isPartOf":{"@id":"https:\/\/com360.cat\/es\/la-desinformacion-durante-la-dana-en-valencia-un-peligro-anadido-en-tiempos-de-crisis\/"},"author":{"name":"admin","@id":"https:\/\/com360.cat\/es\/#\/schema\/person\/cb1ed4edb619e00bc075c258f3c7c6c9"},"headline":"La desinformaci\u00f3n durante la DANA en Valencia: un peligro a\u00f1adido en tiempos de crisis","datePublished":"2024-10-31T12:15:35+00:00","dateModified":"2024-10-31T12:16:03+00:00","mainEntityOfPage":{"@id":"https:\/\/com360.cat\/es\/la-desinformacion-durante-la-dana-en-valencia-un-peligro-anadido-en-tiempos-de-crisis\/"},"wordCount":805,"commentCount":0,"publisher":{"@id":"https:\/\/com360.cat\/es\/#organization"},"articleSection":["Educaci\u00f3n medi\u00e1tica","Medios de comunicaci\u00f3n"],"inLanguage":"es","potentialAction":[{"@type":"CommentAction","name":"Comment","target":["https:\/\/com360.cat\/es\/la-desinformacion-durante-la-dana-en-valencia-un-peligro-anadido-en-tiempos-de-crisis\/#respond"]}]},{"@type":"WebPage","@id":"https:\/\/com360.cat\/es\/la-desinformacion-durante-la-dana-en-valencia-un-peligro-anadido-en-tiempos-de-crisis\/","url":"https:\/\/com360.cat\/es\/la-desinformacion-durante-la-dana-en-valencia-un-peligro-anadido-en-tiempos-de-crisis\/","name":"La desinformaci\u00f3n durante la DANA en Valencia: un peligro a\u00f1adido en tiempos de crisis | Com360\u00ba","isPartOf":{"@id":"https:\/\/com360.cat\/es\/#website"},"datePublished":"2024-10-31T12:15:35+00:00","dateModified":"2024-10-31T12:16:03+00:00","description":"Esta semana, la DANA ha golpeado duramente a la Comunidad Valenciana, provocando p\u00e9rdidas humanas, da\u00f1os materiales y una situaci\u00f3n de emergencia sin precedentes. En este contexto, la propagaci\u00f3n de desinformaci\u00f3n o informaciones falsas ha contribuido a generar confusi\u00f3n, en lugar de facilitar el flujo de informaci\u00f3n veraz tan necesario en momentos como estos.","breadcrumb":{"@id":"https:\/\/com360.cat\/es\/la-desinformacion-durante-la-dana-en-valencia-un-peligro-anadido-en-tiempos-de-crisis\/#breadcrumb"},"inLanguage":"es","potentialAction":[{"@type":"ReadAction","target":["https:\/\/com360.cat\/es\/la-desinformacion-durante-la-dana-en-valencia-un-peligro-anadido-en-tiempos-de-crisis\/"]}]},{"@type":"BreadcrumbList","@id":"https:\/\/com360.cat\/es\/la-desinformacion-durante-la-dana-en-valencia-un-peligro-anadido-en-tiempos-de-crisis\/#breadcrumb","itemListElement":[{"@type":"ListItem","position":1,"name":"Home","item":"https:\/\/com360.cat\/es\/"},{"@type":"ListItem","position":2,"name":"La desinformaci\u00f3n durante la DANA en Valencia: un peligro a\u00f1adido en tiempos de crisis"}]},{"@type":"WebSite","@id":"https:\/\/com360.cat\/es\/#website","url":"https:\/\/com360.cat\/es\/","name":"Com360\u00ba","description":"Comunicaci\u00f3 professional","publisher":{"@id":"https:\/\/com360.cat\/es\/#organization"},"potentialAction":[{"@type":"SearchAction","target":{"@type":"EntryPoint","urlTemplate":"https:\/\/com360.cat\/es\/?s={search_term_string}"},"query-input":"required name=search_term_string"}],"inLanguage":"es"},{"@type":"Organization","@id":"https:\/\/com360.cat\/es\/#organization","name":"Rosa Rubi\u00f3 Com360 Grados, SL","url":"https:\/\/com360.cat\/es\/","logo":{"@type":"ImageObject","inLanguage":"es","@id":"https:\/\/com360.cat\/es\/#\/schema\/logo\/image\/","url":"https:\/\/com360.cat\/wp-content\/uploads\/2020\/02\/logo-com360-496.png","contentUrl":"https:\/\/com360.cat\/wp-content\/uploads\/2020\/02\/logo-com360-496.png","width":496,"height":93,"caption":"Rosa Rubi\u00f3 Com360 Grados, SL"},"image":{"@id":"https:\/\/com360.cat\/es\/#\/schema\/logo\/image\/"}},{"@type":"Person","@id":"https:\/\/com360.cat\/es\/#\/schema\/person\/cb1ed4edb619e00bc075c258f3c7c6c9","name":"admin","image":{"@type":"ImageObject","inLanguage":"es","@id":"https:\/\/com360.cat\/es\/#\/schema\/person\/image\/","url":"https:\/\/secure.gravatar.com\/avatar\/0f90bbc3eec02a874b28e67f9977bc36?s=96&d=mm&r=g","contentUrl":"https:\/\/secure.gravatar.com\/avatar\/0f90bbc3eec02a874b28e67f9977bc36?s=96&d=mm&r=g","caption":"admin"}}]}},"_links":{"self":[{"href":"https:\/\/com360.cat\/es\/wp-json\/wp\/v2\/posts\/2969"}],"collection":[{"href":"https:\/\/com360.cat\/es\/wp-json\/wp\/v2\/posts"}],"about":[{"href":"https:\/\/com360.cat\/es\/wp-json\/wp\/v2\/types\/post"}],"author":[{"embeddable":true,"href":"https:\/\/com360.cat\/es\/wp-json\/wp\/v2\/users\/1"}],"replies":[{"embeddable":true,"href":"https:\/\/com360.cat\/es\/wp-json\/wp\/v2\/comments?post=2969"}],"version-history":[{"count":2,"href":"https:\/\/com360.cat\/es\/wp-json\/wp\/v2\/posts\/2969\/revisions"}],"predecessor-version":[{"id":2971,"href":"https:\/\/com360.cat\/es\/wp-json\/wp\/v2\/posts\/2969\/revisions\/2971"}],"wp:featuredmedia":[{"embeddable":true,"href":"https:\/\/com360.cat\/es\/wp-json\/wp\/v2\/media\/2962"}],"wp:attachment":[{"href":"https:\/\/com360.cat\/es\/wp-json\/wp\/v2\/media?parent=2969"}],"wp:term":[{"taxonomy":"category","embeddable":true,"href":"https:\/\/com360.cat\/es\/wp-json\/wp\/v2\/categories?post=2969"},{"taxonomy":"post_tag","embeddable":true,"href":"https:\/\/com360.cat\/es\/wp-json\/wp\/v2\/tags?post=2969"}],"curies":[{"name":"wp","href":"https:\/\/api.w.org\/{rel}","templated":true}]}}