{"id":2539,"date":"2021-03-15T16:25:43","date_gmt":"2021-03-15T16:25:43","guid":{"rendered":"https:\/\/com360.cat\/?p=2539"},"modified":"2021-03-15T16:37:17","modified_gmt":"2021-03-15T16:37:17","slug":"com360-agencia-de-prensa-y-comunicacion-en-animac","status":"publish","type":"post","link":"https:\/\/com360.cat\/es\/com360-agencia-de-prensa-y-comunicacion-en-animac\/","title":{"rendered":"Com360, agencia de prensa y comunicaci\u00f3n en Animac"},"content":{"rendered":"<p><strong>El festival espa\u00f1ol de referencia del cine de animaci\u00f3n que se celebra anualmente en Lleida ha llegado a su 25 aniversario<\/strong><\/p>\n<p>Com360 ha formado parte como agencia de prensa y comunicaci\u00f3n, por cuarto a\u00f1o consecutivo, del equipo de <a href=\"https:\/\/www.animac.cat\/?set_language=es\">Animac, la Muestra Internacional de Cine de Animaci\u00f3n de Catalu\u00f1a<\/a>. Se trata del festival espa\u00f1ol de referencia del cine de animaci\u00f3n que se celebra anualmente en Lleida y que este a\u00f1o ha celebrado su 25 aniversario.<\/p>\n<p><!--more--><\/p>\n<p>Nuestro trabajo para Animac consiste en:<\/p>\n<ol>\n<li>Detecci\u00f3n y redacci\u00f3n de contenido de valor del festival (novedades y acciones clave que a la organizaci\u00f3n le interesa que lleguen a la opini\u00f3n p\u00fablica)<\/li>\n<\/ol>\n<p>&nbsp;<\/p>\n<ol start=\"2\">\n<li>Pensar c\u00f3mo vamos a comunicar ese contenido (mediante notas de prensa, entrevistas, art\u00edculos, reportajes, etc.)<\/li>\n<\/ol>\n<p>&nbsp;<\/p>\n<ol start=\"3\">\n<li>Planificar el contenido en el tiempo para que, cuando llegue el festival, el p\u00fablico sepa qu\u00e9 se va a encontrar, d\u00f3nde y cu\u00e1ndo.<\/li>\n<\/ol>\n<p>&nbsp;<\/p>\n<ol start=\"4\">\n<li>Redactar las notas de prensa (Descarga nuestra <a href=\"https:\/\/com360.cat\/es\/ebook-nota-prensa\/\">\u00abGuia r\u00e1pida para escribir una nota de prensa\u00bb<\/a>)<\/li>\n<\/ol>\n<p>&nbsp;<\/p>\n<ol start=\"5\">\n<li>Gestionar las entrevistas antes, durante y despu\u00e9s del festival<\/li>\n<\/ol>\n<p>&nbsp;<\/p>\n<ol start=\"6\">\n<li>Recoger todos los impactos medi\u00e1ticos en un resumen de prensa que nos permita evaluar la repercusi\u00f3n en los medios de nuestro trabajo comunicativo<\/li>\n<\/ol>\n<p>&nbsp;<\/p>\n<p>El Pa\u00eds &#8211; <a href=\"https:\/\/elpais.com\/espana\/catalunya\/2021-02-26\/el-festival-animac-combina-la-actividad-presencial-con-la-virtual-en-lleida-hasta-el-7-de-marzo.html\">El festival Animac combina la actividad presencial con la virtual, en Lleida hasta el 7 de marzo<\/a><\/p>\n<p>La Vanguardia\u00a0 &#8211; <a href=\"https:\/\/www.lavanguardia.com\/vida\/20210211\/6241540\/animac-ofrece-181-filmes-formato-hibrido-presencial-linea.html\">Animac ofrece 181 filmes en un formato h\u00edbrido, presencial y en l\u00ednea<\/a><\/p>\n<p>Europapress &#8211; <a href=\"https:\/\/www.europapress.es\/catalunya\/noticia-festival-animac-combina-actividad-presencial-lleida-virtual-20210226164327.html\">El festival Animac combina la actividad presencial en Lleida con la virtual<\/a><\/p>\n<p>El Peri\u00f3dico &#8211; <a href=\"https:\/\/www.elperiodico.com\/es\/onbarcelona\/visitar\/20210227\/festival-animac-lleida-cumple-25-que-hacer-hoy-barcelona-sabado-27-febrero-2021-11539338\">El festival Animac de Lleida cumple 25 a\u00f1os<\/a><\/p>\n<p>Segre &#8211; <a href=\"https:\/\/www.segre.com\/es\/noticias\/cultura\/2021\/02\/26\/el_festival_animac_combina_actividad_presencial_lleida_con_virtual_126968_1112.html\">El festival Animac combina la actividad presencial en Lleida con la virtual<\/a><\/p>\n<p>&nbsp;<\/p>\n<p>Para este trabajo es importante definir bien el contenido que queremos transmitir y despertar en los medios de comunicaci\u00f3n el inter\u00e9s por las novedades que les podemos ofrecer <em><a href=\"https:\/\/com360.cat\/es\/como-convertirse-en-noticia-en-los-medios-de-comunicacion\/\">(Como convertirse en noticia en los medios de comunicaci\u00f3n)<\/a>,<\/em> para que ellos, a su vez, las transmitan a sus lectores\/oyentes\/espectadores. Y no debemos perder de vista nuestro objetivo final, el p\u00fablico, que es para quien se organizan festivales de cine como Animac.<\/p>\n<p>Trabajar para Animac siempre es una gozada y, aunque este a\u00f1o ha sido algo raro por debido a la situaci\u00f3n, ha supuesto un chute de aire fresco. Y gracias a las nuevas tecnolog\u00edas, la programaci\u00f3n ha sido m\u00e1s accesible que nunca. La muestra ha cerrado la 25\u00aa edici\u00f3n con cerca de 64.000 espectadores en una edici\u00f3n h\u00edbrida que ha contado con una programaci\u00f3n presencial en Lleida del 26 al 28 de febrero, y programaci\u00f3n en l\u00ednea hasta el 7 de marzo con sesiones en <a href=\"https:\/\/www.filmin.es\/festival\/animac\">Filmin<\/a><em>,<\/em> conferencias y talleres a trav\u00e9s de la web <em>www.animac.cat<\/em> y encuentros con los autores y autoras en las redes sociales del certamen.<\/p>\n<p>\u00a1No se nos ocurre mejor ant\u00eddoto contra el maldito virus que la cultura! Porque hemos comprobado que se est\u00e1n haciendo las cosas bien, que la cultura es segura. As\u00ed que os animamos a participar en todos los eventos y propuestas culturales que pod\u00e1is.<\/p>\n","protected":false},"excerpt":{"rendered":"<p>El festival espa\u00f1ol de referencia del cine de animaci\u00f3n que se celebra anualmente en Lleida ha llegado a su 25 aniversario Com360 ha formado parte como agencia de prensa y comunicaci\u00f3n, por cuarto a\u00f1o consecutivo, del equipo de Animac, la Muestra Internacional de Cine de Animaci\u00f3n de Catalu\u00f1a. Se trata del festival espa\u00f1ol de referencia del cine de animaci\u00f3n que se celebra anualmente en Lleida y que este a\u00f1o ha celebrado su 25 aniversario.<\/p>\n","protected":false},"author":1,"featured_media":2530,"comment_status":"open","ping_status":"open","sticky":false,"template":"","format":"standard","meta":[],"categories":[94,93,96],"tags":[99,111,110],"yoast_head":"<!-- This site is optimized with the Yoast SEO plugin v20.7 - https:\/\/yoast.com\/wordpress\/plugins\/seo\/ -->\n<title>Com360, agencia de prensa y comunicaci\u00f3n en Animac | Com360\u00ba<\/title>\n<meta name=\"robots\" content=\"index, follow, max-snippet:-1, max-image-preview:large, max-video-preview:-1\" \/>\n<link rel=\"canonical\" href=\"https:\/\/com360.cat\/es\/com360-agencia-de-prensa-y-comunicacion-en-animac\/\" \/>\n<meta property=\"og:locale\" content=\"es_ES\" \/>\n<meta property=\"og:type\" content=\"article\" \/>\n<meta property=\"og:title\" content=\"Com360, agencia de prensa y comunicaci\u00f3n en Animac | Com360\u00ba\" \/>\n<meta property=\"og:description\" content=\"El festival espa\u00f1ol de referencia del cine de animaci\u00f3n que se celebra anualmente en Lleida ha llegado a su 25 aniversario Com360 ha formado parte como agencia de prensa y comunicaci\u00f3n, por cuarto a\u00f1o consecutivo, del equipo de Animac, la Muestra Internacional de Cine de Animaci\u00f3n de Catalu\u00f1a. Se trata del festival espa\u00f1ol de referencia del cine de animaci\u00f3n que se celebra anualmente en Lleida y que este a\u00f1o ha celebrado su 25 aniversario.\" \/>\n<meta property=\"og:url\" content=\"https:\/\/com360.cat\/es\/com360-agencia-de-prensa-y-comunicacion-en-animac\/\" \/>\n<meta property=\"og:site_name\" content=\"Com360\u00ba\" \/>\n<meta property=\"article:published_time\" content=\"2021-03-15T16:25:43+00:00\" \/>\n<meta property=\"article:modified_time\" content=\"2021-03-15T16:37:17+00:00\" \/>\n<meta property=\"og:image\" content=\"https:\/\/com360.cat\/wp-content\/uploads\/2021\/03\/animac_square.jpg\" \/>\n\t<meta property=\"og:image:width\" content=\"800\" \/>\n\t<meta property=\"og:image:height\" content=\"600\" \/>\n\t<meta property=\"og:image:type\" content=\"image\/jpeg\" \/>\n<meta name=\"author\" content=\"admin\" \/>\n<meta name=\"twitter:card\" content=\"summary_large_image\" \/>\n<meta name=\"twitter:label1\" content=\"Escrito por\" \/>\n\t<meta name=\"twitter:data1\" content=\"admin\" \/>\n\t<meta name=\"twitter:label2\" content=\"Tiempo de lectura\" \/>\n\t<meta name=\"twitter:data2\" content=\"3 minutos\" \/>\n<script type=\"application\/ld+json\" class=\"yoast-schema-graph\">{\"@context\":\"https:\/\/schema.org\",\"@graph\":[{\"@type\":\"Article\",\"@id\":\"https:\/\/com360.cat\/es\/com360-agencia-de-prensa-y-comunicacion-en-animac\/#article\",\"isPartOf\":{\"@id\":\"https:\/\/com360.cat\/es\/com360-agencia-de-prensa-y-comunicacion-en-animac\/\"},\"author\":{\"name\":\"admin\",\"@id\":\"https:\/\/com360.cat\/es\/#\/schema\/person\/cb1ed4edb619e00bc075c258f3c7c6c9\"},\"headline\":\"Com360, agencia de prensa y comunicaci\u00f3n en Animac\",\"datePublished\":\"2021-03-15T16:25:43+00:00\",\"dateModified\":\"2021-03-15T16:37:17+00:00\",\"mainEntityOfPage\":{\"@id\":\"https:\/\/com360.cat\/es\/com360-agencia-de-prensa-y-comunicacion-en-animac\/\"},\"wordCount\":541,\"commentCount\":0,\"publisher\":{\"@id\":\"https:\/\/com360.cat\/es\/#organization\"},\"keywords\":[\"comunicaci\u00f3n\",\"contenidos\",\"plan de comunicaci\u00f3n\"],\"articleSection\":[\"Contenidos\",\"Medios de comunicaci\u00f3n\",\"Not\u00edcies Com360\"],\"inLanguage\":\"es\",\"potentialAction\":[{\"@type\":\"CommentAction\",\"name\":\"Comment\",\"target\":[\"https:\/\/com360.cat\/es\/com360-agencia-de-prensa-y-comunicacion-en-animac\/#respond\"]}]},{\"@type\":\"WebPage\",\"@id\":\"https:\/\/com360.cat\/es\/com360-agencia-de-prensa-y-comunicacion-en-animac\/\",\"url\":\"https:\/\/com360.cat\/es\/com360-agencia-de-prensa-y-comunicacion-en-animac\/\",\"name\":\"Com360, agencia de prensa y comunicaci\u00f3n en Animac | Com360\u00ba\",\"isPartOf\":{\"@id\":\"https:\/\/com360.cat\/es\/#website\"},\"datePublished\":\"2021-03-15T16:25:43+00:00\",\"dateModified\":\"2021-03-15T16:37:17+00:00\",\"breadcrumb\":{\"@id\":\"https:\/\/com360.cat\/es\/com360-agencia-de-prensa-y-comunicacion-en-animac\/#breadcrumb\"},\"inLanguage\":\"es\",\"potentialAction\":[{\"@type\":\"ReadAction\",\"target\":[\"https:\/\/com360.cat\/es\/com360-agencia-de-prensa-y-comunicacion-en-animac\/\"]}]},{\"@type\":\"BreadcrumbList\",\"@id\":\"https:\/\/com360.cat\/es\/com360-agencia-de-prensa-y-comunicacion-en-animac\/#breadcrumb\",\"itemListElement\":[{\"@type\":\"ListItem\",\"position\":1,\"name\":\"Home\",\"item\":\"https:\/\/com360.cat\/es\/\"},{\"@type\":\"ListItem\",\"position\":2,\"name\":\"Com360, agencia de prensa y comunicaci\u00f3n en Animac\"}]},{\"@type\":\"WebSite\",\"@id\":\"https:\/\/com360.cat\/es\/#website\",\"url\":\"https:\/\/com360.cat\/es\/\",\"name\":\"Com360\u00ba\",\"description\":\"Comunicaci\u00f3 professional\",\"publisher\":{\"@id\":\"https:\/\/com360.cat\/es\/#organization\"},\"potentialAction\":[{\"@type\":\"SearchAction\",\"target\":{\"@type\":\"EntryPoint\",\"urlTemplate\":\"https:\/\/com360.cat\/es\/?s={search_term_string}\"},\"query-input\":\"required name=search_term_string\"}],\"inLanguage\":\"es\"},{\"@type\":\"Organization\",\"@id\":\"https:\/\/com360.cat\/es\/#organization\",\"name\":\"Rosa Rubi\u00f3 Com360 Grados, SL\",\"url\":\"https:\/\/com360.cat\/es\/\",\"logo\":{\"@type\":\"ImageObject\",\"inLanguage\":\"es\",\"@id\":\"https:\/\/com360.cat\/es\/#\/schema\/logo\/image\/\",\"url\":\"https:\/\/com360.cat\/wp-content\/uploads\/2020\/02\/logo-com360-496.png\",\"contentUrl\":\"https:\/\/com360.cat\/wp-content\/uploads\/2020\/02\/logo-com360-496.png\",\"width\":496,\"height\":93,\"caption\":\"Rosa Rubi\u00f3 Com360 Grados, SL\"},\"image\":{\"@id\":\"https:\/\/com360.cat\/es\/#\/schema\/logo\/image\/\"}},{\"@type\":\"Person\",\"@id\":\"https:\/\/com360.cat\/es\/#\/schema\/person\/cb1ed4edb619e00bc075c258f3c7c6c9\",\"name\":\"admin\",\"image\":{\"@type\":\"ImageObject\",\"inLanguage\":\"es\",\"@id\":\"https:\/\/com360.cat\/es\/#\/schema\/person\/image\/\",\"url\":\"https:\/\/secure.gravatar.com\/avatar\/0f90bbc3eec02a874b28e67f9977bc36?s=96&d=mm&r=g\",\"contentUrl\":\"https:\/\/secure.gravatar.com\/avatar\/0f90bbc3eec02a874b28e67f9977bc36?s=96&d=mm&r=g\",\"caption\":\"admin\"}}]}<\/script>\n<!-- \/ Yoast SEO plugin. -->","yoast_head_json":{"title":"Com360, agencia de prensa y comunicaci\u00f3n en Animac | Com360\u00ba","robots":{"index":"index","follow":"follow","max-snippet":"max-snippet:-1","max-image-preview":"max-image-preview:large","max-video-preview":"max-video-preview:-1"},"canonical":"https:\/\/com360.cat\/es\/com360-agencia-de-prensa-y-comunicacion-en-animac\/","og_locale":"es_ES","og_type":"article","og_title":"Com360, agencia de prensa y comunicaci\u00f3n en Animac | Com360\u00ba","og_description":"El festival espa\u00f1ol de referencia del cine de animaci\u00f3n que se celebra anualmente en Lleida ha llegado a su 25 aniversario Com360 ha formado parte como agencia de prensa y comunicaci\u00f3n, por cuarto a\u00f1o consecutivo, del equipo de Animac, la Muestra Internacional de Cine de Animaci\u00f3n de Catalu\u00f1a. Se trata del festival espa\u00f1ol de referencia del cine de animaci\u00f3n que se celebra anualmente en Lleida y que este a\u00f1o ha celebrado su 25 aniversario.","og_url":"https:\/\/com360.cat\/es\/com360-agencia-de-prensa-y-comunicacion-en-animac\/","og_site_name":"Com360\u00ba","article_published_time":"2021-03-15T16:25:43+00:00","article_modified_time":"2021-03-15T16:37:17+00:00","og_image":[{"width":800,"height":600,"url":"https:\/\/com360.cat\/wp-content\/uploads\/2021\/03\/animac_square.jpg","type":"image\/jpeg"}],"author":"admin","twitter_card":"summary_large_image","twitter_misc":{"Escrito por":"admin","Tiempo de lectura":"3 minutos"},"schema":{"@context":"https:\/\/schema.org","@graph":[{"@type":"Article","@id":"https:\/\/com360.cat\/es\/com360-agencia-de-prensa-y-comunicacion-en-animac\/#article","isPartOf":{"@id":"https:\/\/com360.cat\/es\/com360-agencia-de-prensa-y-comunicacion-en-animac\/"},"author":{"name":"admin","@id":"https:\/\/com360.cat\/es\/#\/schema\/person\/cb1ed4edb619e00bc075c258f3c7c6c9"},"headline":"Com360, agencia de prensa y comunicaci\u00f3n en Animac","datePublished":"2021-03-15T16:25:43+00:00","dateModified":"2021-03-15T16:37:17+00:00","mainEntityOfPage":{"@id":"https:\/\/com360.cat\/es\/com360-agencia-de-prensa-y-comunicacion-en-animac\/"},"wordCount":541,"commentCount":0,"publisher":{"@id":"https:\/\/com360.cat\/es\/#organization"},"keywords":["comunicaci\u00f3n","contenidos","plan de comunicaci\u00f3n"],"articleSection":["Contenidos","Medios de comunicaci\u00f3n","Not\u00edcies Com360"],"inLanguage":"es","potentialAction":[{"@type":"CommentAction","name":"Comment","target":["https:\/\/com360.cat\/es\/com360-agencia-de-prensa-y-comunicacion-en-animac\/#respond"]}]},{"@type":"WebPage","@id":"https:\/\/com360.cat\/es\/com360-agencia-de-prensa-y-comunicacion-en-animac\/","url":"https:\/\/com360.cat\/es\/com360-agencia-de-prensa-y-comunicacion-en-animac\/","name":"Com360, agencia de prensa y comunicaci\u00f3n en Animac | Com360\u00ba","isPartOf":{"@id":"https:\/\/com360.cat\/es\/#website"},"datePublished":"2021-03-15T16:25:43+00:00","dateModified":"2021-03-15T16:37:17+00:00","breadcrumb":{"@id":"https:\/\/com360.cat\/es\/com360-agencia-de-prensa-y-comunicacion-en-animac\/#breadcrumb"},"inLanguage":"es","potentialAction":[{"@type":"ReadAction","target":["https:\/\/com360.cat\/es\/com360-agencia-de-prensa-y-comunicacion-en-animac\/"]}]},{"@type":"BreadcrumbList","@id":"https:\/\/com360.cat\/es\/com360-agencia-de-prensa-y-comunicacion-en-animac\/#breadcrumb","itemListElement":[{"@type":"ListItem","position":1,"name":"Home","item":"https:\/\/com360.cat\/es\/"},{"@type":"ListItem","position":2,"name":"Com360, agencia de prensa y comunicaci\u00f3n en Animac"}]},{"@type":"WebSite","@id":"https:\/\/com360.cat\/es\/#website","url":"https:\/\/com360.cat\/es\/","name":"Com360\u00ba","description":"Comunicaci\u00f3 professional","publisher":{"@id":"https:\/\/com360.cat\/es\/#organization"},"potentialAction":[{"@type":"SearchAction","target":{"@type":"EntryPoint","urlTemplate":"https:\/\/com360.cat\/es\/?s={search_term_string}"},"query-input":"required name=search_term_string"}],"inLanguage":"es"},{"@type":"Organization","@id":"https:\/\/com360.cat\/es\/#organization","name":"Rosa Rubi\u00f3 Com360 Grados, SL","url":"https:\/\/com360.cat\/es\/","logo":{"@type":"ImageObject","inLanguage":"es","@id":"https:\/\/com360.cat\/es\/#\/schema\/logo\/image\/","url":"https:\/\/com360.cat\/wp-content\/uploads\/2020\/02\/logo-com360-496.png","contentUrl":"https:\/\/com360.cat\/wp-content\/uploads\/2020\/02\/logo-com360-496.png","width":496,"height":93,"caption":"Rosa Rubi\u00f3 Com360 Grados, SL"},"image":{"@id":"https:\/\/com360.cat\/es\/#\/schema\/logo\/image\/"}},{"@type":"Person","@id":"https:\/\/com360.cat\/es\/#\/schema\/person\/cb1ed4edb619e00bc075c258f3c7c6c9","name":"admin","image":{"@type":"ImageObject","inLanguage":"es","@id":"https:\/\/com360.cat\/es\/#\/schema\/person\/image\/","url":"https:\/\/secure.gravatar.com\/avatar\/0f90bbc3eec02a874b28e67f9977bc36?s=96&d=mm&r=g","contentUrl":"https:\/\/secure.gravatar.com\/avatar\/0f90bbc3eec02a874b28e67f9977bc36?s=96&d=mm&r=g","caption":"admin"}}]}},"_links":{"self":[{"href":"https:\/\/com360.cat\/es\/wp-json\/wp\/v2\/posts\/2539"}],"collection":[{"href":"https:\/\/com360.cat\/es\/wp-json\/wp\/v2\/posts"}],"about":[{"href":"https:\/\/com360.cat\/es\/wp-json\/wp\/v2\/types\/post"}],"author":[{"embeddable":true,"href":"https:\/\/com360.cat\/es\/wp-json\/wp\/v2\/users\/1"}],"replies":[{"embeddable":true,"href":"https:\/\/com360.cat\/es\/wp-json\/wp\/v2\/comments?post=2539"}],"version-history":[{"count":0,"href":"https:\/\/com360.cat\/es\/wp-json\/wp\/v2\/posts\/2539\/revisions"}],"wp:featuredmedia":[{"embeddable":true,"href":"https:\/\/com360.cat\/es\/wp-json\/wp\/v2\/media\/2530"}],"wp:attachment":[{"href":"https:\/\/com360.cat\/es\/wp-json\/wp\/v2\/media?parent=2539"}],"wp:term":[{"taxonomy":"category","embeddable":true,"href":"https:\/\/com360.cat\/es\/wp-json\/wp\/v2\/categories?post=2539"},{"taxonomy":"post_tag","embeddable":true,"href":"https:\/\/com360.cat\/es\/wp-json\/wp\/v2\/tags?post=2539"}],"curies":[{"name":"wp","href":"https:\/\/api.w.org\/{rel}","templated":true}]}}